{"id":1919,"date":"2025-12-13T17:04:07","date_gmt":"2025-12-13T16:04:07","guid":{"rendered":"https:\/\/orchestreedf.org\/?p=1919"},"modified":"2025-12-13T17:04:07","modified_gmt":"2025-12-13T16:04:07","slug":"lorchestre-edf-au-rythme-des-ameriques","status":"publish","type":"post","link":"https:\/\/orchestreedf.org\/index.php\/2025\/12\/13\/lorchestre-edf-au-rythme-des-ameriques\/","title":{"rendered":"L\u2019Orchestre EDF au rythme des Am\u00e9riques"},"content":{"rendered":"<p>L\u2019Orchestre EDF s\u2019est produit une nouvelle fois \u00e0 la Cit\u00e9 de la musique le 3 d\u00e9cembre dernier, pour un concert au profit du T\u00e9l\u00e9thon. Fid\u00e8le \u00e0 son engagement de longue date aux c\u00f4t\u00e9s de l\u2019AFM, l\u2019Orchestre a ainsi renouvel\u00e9 son soutien \u00e0 cette cause embl\u00e9matique, en mettant la musique au service de la solidarit\u00e9.<\/p>\n<p>Intitul\u00e9 \u00ab Au rythme des Am\u00e9riques \u00bb, ce concert a propos\u00e9 au public un programme dynamique et contrast\u00e9, invitant \u00e0 un voyage musical \u00e0 travers le continent am\u00e9ricain. La soir\u00e9e a \u00e9t\u00e9 marqu\u00e9e par des \u0153uvres aux rythmes affirm\u00e9s et aux couleurs vari\u00e9es, parmi lesquelles An American in Paris de George Gershwin, le c\u00e9l\u00e8bre Danz\u00f3n n\u00b02 et la Conga del Fuego Nuevo d\u2019Arturo M\u00e1rquez, ainsi que des \u0153uvres de Florence Price et de Heitor Villa-Lobos. Un programme entra\u00eenant, port\u00e9 par l\u2019\u00e9nergie collective de l\u2019Orchestre, qui a su convaincre le public.<\/p>\n<p>Ce m\u00eame programme a \u00e9galement \u00e9t\u00e9 interpr\u00e9t\u00e9 \u00e0 Rennes le 9 d\u00e9cembre, prolongeant cette proposition musicale au-del\u00e0 de la r\u00e9gion parisienne. Il sera enfin rejou\u00e9 \u00e0 Paris \u00e0 la fin du mois de janvier, \u00e0 l\u2019occasion d\u2019un dernier concert venant clore la saison Hiver 25-26.<\/p>\n<p>\u00c0 travers ces concerts, l\u2019Orchestre EDF r\u00e9affirme son attachement \u00e0 un r\u00e9pertoire ouvert et engag\u00e9, et rappelle que la musique peut aussi \u00eatre un puissant vecteur de mobilisation et de g\u00e9n\u00e9rosit\u00e9.<\/p>\n<p><img loading=\"lazy\" class=\"alignnone  wp-image-1905\" src=\"https:\/\/orchestreedf.org\/wp-content\/uploads\/2025\/10\/affiche-vf-avec-bord-212x300.png\" alt=\"\" width=\"496\" height=\"702\" srcset=\"https:\/\/orchestreedf.org\/wp-content\/uploads\/2025\/10\/affiche-vf-avec-bord-212x300.png 212w, https:\/\/orchestreedf.org\/wp-content\/uploads\/2025\/10\/affiche-vf-avec-bord-724x1024.png 724w, https:\/\/orchestreedf.org\/wp-content\/uploads\/2025\/10\/affiche-vf-avec-bord-768x1086.png 768w, https:\/\/orchestreedf.org\/wp-content\/uploads\/2025\/10\/affiche-vf-avec-bord-35x50.png 35w, https:\/\/orchestreedf.org\/wp-content\/uploads\/2025\/10\/affiche-vf-avec-bord.png 794w\" sizes=\"(max-width: 496px) 100vw, 496px\" \/><\/p>\n","protected":false},"excerpt":{"rendered":"<p>L\u2019Orchestre EDF s\u2019est produit une nouvelle fois \u00e0 la Cit\u00e9 de la musique le 3 d\u00e9cembre dernier, pour un concert au profit du T\u00e9l\u00e9thon. Fid\u00e8le \u00e0 son engagement de longue date aux c\u00f4t\u00e9s de l\u2019AFM, l\u2019Orchestre a ainsi renouvel\u00e9 son soutien \u00e0 cette cause embl\u00e9matique, en mettant la musique au service de la solidarit\u00e9. Intitul\u00e9 [&hellip;]<\/p>\n","protected":false},"author":4,"featured_media":0,"comment_status":"closed","ping_status":"closed","sticky":false,"template":"","format":"standard","meta":{"_monsterinsights_skip_tracking":false,"_monsterinsights_sitenote_active":false,"_monsterinsights_sitenote_note":"","_monsterinsights_sitenote_category":0},"categories":[15],"tags":[],"wppr_data":{"cwp_meta_box_check":"No"},"_links":{"self":[{"href":"https:\/\/orchestreedf.org\/index.php\/wp-json\/wp\/v2\/posts\/1919"}],"collection":[{"href":"https:\/\/orchestreedf.org\/index.php\/wp-json\/wp\/v2\/posts"}],"about":[{"href":"https:\/\/orchestreedf.org\/index.php\/wp-json\/wp\/v2\/types\/post"}],"author":[{"embeddable":true,"href":"https:\/\/orchestreedf.org\/index.php\/wp-json\/wp\/v2\/users\/4"}],"replies":[{"embeddable":true,"href":"https:\/\/orchestreedf.org\/index.php\/wp-json\/wp\/v2\/comments?post=1919"}],"version-history":[{"count":1,"href":"https:\/\/orchestreedf.org\/index.php\/wp-json\/wp\/v2\/posts\/1919\/revisions"}],"predecessor-version":[{"id":1920,"href":"https:\/\/orchestreedf.org\/index.php\/wp-json\/wp\/v2\/posts\/1919\/revisions\/1920"}],"wp:attachment":[{"href":"https:\/\/orchestreedf.org\/index.php\/wp-json\/wp\/v2\/media?parent=1919"}],"wp:term":[{"taxonomy":"category","embeddable":true,"href":"https:\/\/orchestreedf.org\/index.php\/wp-json\/wp\/v2\/categories?post=1919"},{"taxonomy":"post_tag","embeddable":true,"href":"https:\/\/orchestreedf.org\/index.php\/wp-json\/wp\/v2\/tags?post=1919"}],"curies":[{"name":"wp","href":"https:\/\/api.w.org\/{rel}","templated":true}]}}