{"id":1739,"date":"2023-11-22T17:43:09","date_gmt":"2023-11-22T16:43:09","guid":{"rendered":"https:\/\/orchestreedf.org\/?p=1739"},"modified":"2023-11-22T17:43:09","modified_gmt":"2023-11-22T16:43:09","slug":"harmonies-et-solidarite-lorchestre-edf-sengage-a-la-cite-de-la-musique-pour-le-telethon","status":"publish","type":"post","link":"https:\/\/orchestreedf.org\/index.php\/2023\/11\/22\/harmonies-et-solidarite-lorchestre-edf-sengage-a-la-cite-de-la-musique-pour-le-telethon\/","title":{"rendered":"Harmonies et Solidarit\u00e9 : L&#8217;Orchestre EDF s&#8217;engage \u00e0 la Cit\u00e9 de la Musique pour le T\u00e9l\u00e9thon"},"content":{"rendered":"\n<p>Le 10 d\u00e9cembre 2023, l&#8217;Orchestre EDF, sous la direction de sa toute nouvelle cheffe d&#8217;orchestre, Camilla Rossetti, donnera dans l&#8217;exceptionnelle salle de la Cit\u00e9 de la musique un &#8220;concert de c\u0153ur&#8221; en partenariat avec la D\u00e9l\u00e9gation R\u00e9gionale \u00cele de France, la DRH et la direction de la Communication du groupe EDF. <a href=\"https:\/\/orchestreedf.org\/index.php\/vente-des-billets\/\">Ce concert intitul\u00e9 &#8220;Contes et L\u00e9gendes&#8221;<\/a> sera en effet donn\u00e9 au profit du <a href=\"https:\/\/www.afm-telethon.fr\/fr\">T\u00e9l\u00e9thon<\/a>, une cause ch\u00e8re au groupe EDF dont l&#8217;un des salari\u00e9s, faut-il le rappeler, est \u00e0 l&#8217;origine de cette manifestation.<\/p>\n<p><br \/>Cet \u00e9v\u00e9nement sera le tout premier concert T\u00e9l\u00e9thon de <a href=\"https:\/\/orchestreedf.org\/index.php\/direction-artistique\/\">Camilla Rossetti<\/a>. Pour l&#8217;occasion, la nouvelle directrice artistique de l&#8217;Orchestre EDF a pr\u00e9par\u00e9 un programme musical tout en r\u00eave et en \u00e9motion, comme autant de sources pour l&#8217;espoir que le Telethon donne aux familles et aux enfants touch\u00e9s par les maladies rares. Au programme figure les \u0153uvres majeures &#8220;Sch\u00e9h\u00e9razade&#8221; de Rimsky-Korsakov, une pi\u00e8ce envo\u00fbtante qui emportera l&#8217;auditeur dans un voyage musical fascinant, ainsi que la suite orchestrale du &#8220;Casse-Noisette&#8221; de Tchaikovski, un chef-d&#8217;\u0153uvre rempli de magie et de f\u00e9\u00e9rie.<\/p>\n<p><br \/>L&#8217;Orchestre EDF, fid\u00e8le \u00e0 son engagement pour le T\u00e9l\u00e9thon depuis 1999, versera l&#8217;int\u00e9gralit\u00e9 des recettes g\u00e9n\u00e9r\u00e9es par cet \u00e9v\u00e9nement \u00e0 l&#8217;Association Fran\u00e7aise contre les Myopathies (AFM) qui \u0153uvre sans rel\u00e2che pour trouver des solutions aux maladies rares neuromusculaires.<\/p>\n<p><br \/>Cet \u00e9v\u00e9nement musical est une belle occasion de rappeler que la musique peut changer des vies et \u00e9clairer l&#8217;avenir d&#8217;un monde meilleur. Faites-vous plaisir, venez nous \u00e9couter et participez \u00e0 ce grand \u00e9lan collectif de g\u00e9n\u00e9rosit\u00e9. Nous comptons sur votre pr\u00e9sence !<\/p>\n","protected":false},"excerpt":{"rendered":"<p>Le 10 d\u00e9cembre 2023, l&#8217;Orchestre EDF, sous la direction de sa toute nouvelle cheffe d&#8217;orchestre, Camilla Rossetti, donnera dans l&#8217;exceptionnelle salle de la Cit\u00e9 de la musique un &#8220;concert de c\u0153ur&#8221; en partenariat avec la D\u00e9l\u00e9gation R\u00e9gionale \u00cele de France, la DRH et la direction de la Communication du groupe EDF. Ce concert intitul\u00e9 &#8220;Contes [&hellip;]<\/p>\n","protected":false},"author":4,"featured_media":0,"comment_status":"closed","ping_status":"closed","sticky":false,"template":"","format":"standard","meta":{"_monsterinsights_skip_tracking":false,"_monsterinsights_sitenote_active":false,"_monsterinsights_sitenote_note":"","_monsterinsights_sitenote_category":0},"categories":[3],"tags":[],"wppr_data":{"cwp_meta_box_check":"No"},"_links":{"self":[{"href":"https:\/\/orchestreedf.org\/index.php\/wp-json\/wp\/v2\/posts\/1739"}],"collection":[{"href":"https:\/\/orchestreedf.org\/index.php\/wp-json\/wp\/v2\/posts"}],"about":[{"href":"https:\/\/orchestreedf.org\/index.php\/wp-json\/wp\/v2\/types\/post"}],"author":[{"embeddable":true,"href":"https:\/\/orchestreedf.org\/index.php\/wp-json\/wp\/v2\/users\/4"}],"replies":[{"embeddable":true,"href":"https:\/\/orchestreedf.org\/index.php\/wp-json\/wp\/v2\/comments?post=1739"}],"version-history":[{"count":1,"href":"https:\/\/orchestreedf.org\/index.php\/wp-json\/wp\/v2\/posts\/1739\/revisions"}],"predecessor-version":[{"id":1740,"href":"https:\/\/orchestreedf.org\/index.php\/wp-json\/wp\/v2\/posts\/1739\/revisions\/1740"}],"wp:attachment":[{"href":"https:\/\/orchestreedf.org\/index.php\/wp-json\/wp\/v2\/media?parent=1739"}],"wp:term":[{"taxonomy":"category","embeddable":true,"href":"https:\/\/orchestreedf.org\/index.php\/wp-json\/wp\/v2\/categories?post=1739"},{"taxonomy":"post_tag","embeddable":true,"href":"https:\/\/orchestreedf.org\/index.php\/wp-json\/wp\/v2\/tags?post=1739"}],"curies":[{"name":"wp","href":"https:\/\/api.w.org\/{rel}","templated":true}]}}