{"id":1620,"date":"2023-03-20T10:48:33","date_gmt":"2023-03-20T09:48:33","guid":{"rendered":"https:\/\/orchestreedf.org\/?p=1620"},"modified":"2023-03-20T10:51:38","modified_gmt":"2023-03-20T09:51:38","slug":"lorchestre-edf-accueille-camilla-rossetti-nouvelle-cheffe-dorchestre-et-directrice-artistique","status":"publish","type":"post","link":"https:\/\/orchestreedf.org\/index.php\/2023\/03\/20\/lorchestre-edf-accueille-camilla-rossetti-nouvelle-cheffe-dorchestre-et-directrice-artistique\/","title":{"rendered":"L\u2019Orchestre EDF accueille Camilla Rossetti, nouvelle cheffe d&#8217;orchestre et directrice artistique"},"content":{"rendered":"\n<p>Nous sommes ravis d\u2019annoncer l&#8217;arriv\u00e9e de <a href=\"https:\/\/orchestreedf.org\/index.php\/direction-artistique\/\">Camilla Rossetti<\/a>, notre nouvelle cheffe d&#8217;orchestre et directrice artistique, qui a rejoint l\u2019Orchestre EDF en d\u00e9but d&#8217;ann\u00e9e 2023. \u00a0<\/p>\n<p><img loading=\"lazy\" class=\"wp-image-1614 aligncenter\" src=\"https:\/\/orchestreedf.org\/wp-content\/uploads\/2023\/03\/photo_camilla-300x200.png\" alt=\"Photo de Camilla Rossetti\" width=\"400\" height=\"266\" srcset=\"https:\/\/orchestreedf.org\/wp-content\/uploads\/2023\/03\/photo_camilla-300x200.png 300w, https:\/\/orchestreedf.org\/wp-content\/uploads\/2023\/03\/photo_camilla-1024x683.png 1024w, https:\/\/orchestreedf.org\/wp-content\/uploads\/2023\/03\/photo_camilla-768x512.png 768w, https:\/\/orchestreedf.org\/wp-content\/uploads\/2023\/03\/photo_camilla-50x33.png 50w, https:\/\/orchestreedf.org\/wp-content\/uploads\/2023\/03\/photo_camilla-900x600.png 900w, https:\/\/orchestreedf.org\/wp-content\/uploads\/2023\/03\/photo_camilla-1280x854.png 1280w, https:\/\/orchestreedf.org\/wp-content\/uploads\/2023\/03\/photo_camilla.png 1321w\" sizes=\"(max-width: 400px) 100vw, 400px\" \/><\/p>\n<p>Nous tenons \u00e0 remercier chaleureusement Micha\u00ebl Cousteau, notre pr\u00e9c\u00e9dent directeur artistique, qui a dirig\u00e9 l\u2019Orchestre EDF avec passion et talent pendant 12 ann\u00e9es. Nous sommes reconnaissants de tout ce qu&#8217;il a apport\u00e9 \u00e0 notre orchestre et \u00e0 notre public.<\/p>\n<p>Avec Camilla Rossetti \u00e0 notre t\u00eate, l\u2019Orchestre EDF ouvre une nouvelle page de son histoire et conserve au c\u0153ur de son projet l\u2019esprit de cr\u00e9ativit\u00e9, d&#8217;innovation et d&#8217;excellence musicale qui le caract\u00e9rise. Nous sommes impatients de partager avec vous cette nouvelle aventure lors de notre <a href=\"https:\/\/orchestreedf.org\/index.php\/concerts\/\">prochain concert public du 13 juin<\/a> \u00e0 Paris \u00e0 la Cit\u00e9 de la Musique, et pour les salari\u00e9s du groupe EDF qui pratiquent un instrument, nous esp\u00e9rons que cette annonce aura aiguis\u00e9 votre curiosit\u00e9 et votre envie de nous rejoindre (contact par mail <a href=\"mailto:orchestreedf@gmail.com\">orchestreedf@gmail.com<\/a>).<\/p>\n","protected":false},"excerpt":{"rendered":"<p>Nous sommes ravis d\u2019annoncer l&#8217;arriv\u00e9e de Camilla Rossetti, notre nouvelle cheffe d&#8217;orchestre et directrice artistique, qui a rejoint l\u2019Orchestre EDF en d\u00e9but d&#8217;ann\u00e9e 2023. \u00a0 Nous tenons \u00e0 remercier chaleureusement Micha\u00ebl Cousteau, notre pr\u00e9c\u00e9dent directeur artistique, qui a dirig\u00e9 l\u2019Orchestre EDF avec passion et talent pendant 12 ann\u00e9es. Nous sommes reconnaissants de tout ce qu&#8217;il [&hellip;]<\/p>\n","protected":false},"author":4,"featured_media":0,"comment_status":"closed","ping_status":"closed","sticky":false,"template":"","format":"standard","meta":{"_monsterinsights_skip_tracking":false,"_monsterinsights_sitenote_active":false,"_monsterinsights_sitenote_note":"","_monsterinsights_sitenote_category":0},"categories":[15],"tags":[],"wppr_data":{"cwp_meta_box_check":"No"},"_links":{"self":[{"href":"https:\/\/orchestreedf.org\/index.php\/wp-json\/wp\/v2\/posts\/1620"}],"collection":[{"href":"https:\/\/orchestreedf.org\/index.php\/wp-json\/wp\/v2\/posts"}],"about":[{"href":"https:\/\/orchestreedf.org\/index.php\/wp-json\/wp\/v2\/types\/post"}],"author":[{"embeddable":true,"href":"https:\/\/orchestreedf.org\/index.php\/wp-json\/wp\/v2\/users\/4"}],"replies":[{"embeddable":true,"href":"https:\/\/orchestreedf.org\/index.php\/wp-json\/wp\/v2\/comments?post=1620"}],"version-history":[{"count":3,"href":"https:\/\/orchestreedf.org\/index.php\/wp-json\/wp\/v2\/posts\/1620\/revisions"}],"predecessor-version":[{"id":1623,"href":"https:\/\/orchestreedf.org\/index.php\/wp-json\/wp\/v2\/posts\/1620\/revisions\/1623"}],"wp:attachment":[{"href":"https:\/\/orchestreedf.org\/index.php\/wp-json\/wp\/v2\/media?parent=1620"}],"wp:term":[{"taxonomy":"category","embeddable":true,"href":"https:\/\/orchestreedf.org\/index.php\/wp-json\/wp\/v2\/categories?post=1620"},{"taxonomy":"post_tag","embeddable":true,"href":"https:\/\/orchestreedf.org\/index.php\/wp-json\/wp\/v2\/tags?post=1620"}],"curies":[{"name":"wp","href":"https:\/\/api.w.org\/{rel}","templated":true}]}}