{"id":1343,"date":"2022-04-02T14:10:25","date_gmt":"2022-04-02T12:10:25","guid":{"rendered":"http:\/\/orchestreedf.org\/?p=1343"},"modified":"2022-04-04T14:26:38","modified_gmt":"2022-04-04T12:26:38","slug":"concert-telethon-camille-saint-saens-demasque-dimanche-28-nov-2021","status":"publish","type":"post","link":"https:\/\/orchestreedf.org\/index.php\/2022\/04\/02\/concert-telethon-camille-saint-saens-demasque-dimanche-28-nov-2021\/","title":{"rendered":"Concert &#8220;Romantismes Europ\u00e9ens&#8221;, vendredi 13 Mai 2022"},"content":{"rendered":"<p><a href=\"https:\/\/orchestreedf.org\/wp-content\/uploads\/2022\/04\/OEDF_romantismes_europeens_affiche_sans_qrcode.pdf\" target=\"_blank\" rel=\"noopener\"><img loading=\"lazy\" class=\"wp-image-1440 size-medium alignleft\" src=\"https:\/\/orchestreedf.org\/wp-content\/uploads\/2022\/04\/OEDF_romantismes_europeens_affiche_sans_qrcode-pdf-208x300.jpg\" alt=\"\" width=\"208\" height=\"300\" \/><\/a>L&#8217;orchestre EDF se produit\u00a0\u00e0 la Cit\u00e9 de la musique, le <strong>Vendredi 13 Mai 2022<\/strong><b>\u00a0\u00e0 20h30<\/b>, en partenariat avec le Club Actionnaires EDF.<\/p>\n<p style=\"text-align: left;\"><span style=\"color: #000000;\">Nous vous proposons un voyage musical \u00e0 travers les facettes multiples et vari\u00e9es des romantismes europ\u00e9ens, plus particuli\u00e8rement Allemand, Fran\u00e7ais et Hongrois. Mais c\u2019est avant tout un sentiment universel et \u00f4 combien romantique qui unit les pi\u00e8ces\u00a0de ce concert : l\u2019amour\u00a0! Celui de Beethoven pour l\u2019une de ses \u00e9l\u00e8ves qui irradie son concerto, celui de L\u00e9nore pour son fianc\u00e9 dont elle suivra le fant\u00f4me jusque dans la mort, enfin l\u2019amour de la patrie chez Liszt qui magnifie les th\u00e8mes de son pays.<\/span><\/p>\n<p style=\"text-align: left;\"><a href=\"https:\/\/orchestreedf.org\/index.php\/vente-des-billets\/\"><img loading=\"lazy\" src=\"https:\/\/www.weezevent.com\/images\/statique\/bt_achetez_billets_blu.png\" alt=\"Achetez vos billets\" width=\"182\" height=\"37\" \/><\/a><\/p>\n<p><span style=\"color: #999999;\">T\u00e9l\u00e9charger le programme [\u00e0 venir]<br \/>\n<\/span><\/p>\n<p><em>Une billetterie dans le hall de la <a href=\"http:\/\/www.citedelamusique.fr\" target=\"_blank\" rel=\"noopener\">Cit\u00e9 de la musique<\/a> sera ouverte 45mn avant le d\u00e9but du concert. La vente sur le site reste ouverte jusqu&#8217;\u00e0 l&#8217;heure du d\u00e9but du concert (dans la limite des places disponibles)<\/em><br \/>\nConcert en placement libre.<\/p>\n","protected":false},"excerpt":{"rendered":"<p>L&#8217;orchestre EDF se produit\u00a0\u00e0 la Cit\u00e9 de la musique, le Vendredi 13 Mai 2022\u00a0\u00e0 20h30, en partenariat avec le Club Actionnaires EDF. Nous vous proposons un voyage musical \u00e0 travers les facettes multiples et vari\u00e9es des romantismes europ\u00e9ens, plus particuli\u00e8rement Allemand, Fran\u00e7ais et Hongrois. Mais c\u2019est avant tout un sentiment universel et \u00f4 combien romantique [&hellip;]<\/p>\n","protected":false},"author":1,"featured_media":0,"comment_status":"closed","ping_status":"closed","sticky":false,"template":"","format":"standard","meta":{"_monsterinsights_skip_tracking":false,"_monsterinsights_sitenote_active":false,"_monsterinsights_sitenote_note":"","_monsterinsights_sitenote_category":0},"categories":[3],"tags":[],"wppr_data":{"cwp_meta_box_check":"No"},"_links":{"self":[{"href":"https:\/\/orchestreedf.org\/index.php\/wp-json\/wp\/v2\/posts\/1343"}],"collection":[{"href":"https:\/\/orchestreedf.org\/index.php\/wp-json\/wp\/v2\/posts"}],"about":[{"href":"https:\/\/orchestreedf.org\/index.php\/wp-json\/wp\/v2\/types\/post"}],"author":[{"embeddable":true,"href":"https:\/\/orchestreedf.org\/index.php\/wp-json\/wp\/v2\/users\/1"}],"replies":[{"embeddable":true,"href":"https:\/\/orchestreedf.org\/index.php\/wp-json\/wp\/v2\/comments?post=1343"}],"version-history":[{"count":14,"href":"https:\/\/orchestreedf.org\/index.php\/wp-json\/wp\/v2\/posts\/1343\/revisions"}],"predecessor-version":[{"id":1443,"href":"https:\/\/orchestreedf.org\/index.php\/wp-json\/wp\/v2\/posts\/1343\/revisions\/1443"}],"wp:attachment":[{"href":"https:\/\/orchestreedf.org\/index.php\/wp-json\/wp\/v2\/media?parent=1343"}],"wp:term":[{"taxonomy":"category","embeddable":true,"href":"https:\/\/orchestreedf.org\/index.php\/wp-json\/wp\/v2\/categories?post=1343"},{"taxonomy":"post_tag","embeddable":true,"href":"https:\/\/orchestreedf.org\/index.php\/wp-json\/wp\/v2\/tags?post=1343"}],"curies":[{"name":"wp","href":"https:\/\/api.w.org\/{rel}","templated":true}]}}