{"id":1176,"date":"2018-04-11T21:25:07","date_gmt":"2018-04-11T19:25:07","guid":{"rendered":"http:\/\/orchestreedf.org\/?p=1176"},"modified":"2022-10-19T11:41:45","modified_gmt":"2022-10-19T09:41:45","slug":"concert-lorchestre-en-fete-mardi-26-juin-2018","status":"publish","type":"post","link":"https:\/\/orchestreedf.org\/index.php\/2018\/04\/11\/concert-lorchestre-en-fete-mardi-26-juin-2018\/","title":{"rendered":"Concert \u201cL\u2019orchestre en f\u00eate\u201d, mardi 26 juin 2018"},"content":{"rendered":"<p><a href=\"https:\/\/orchestreedf.org\/wp-content\/uploads\/2018\/04\/2018-06-OEDF-Affichette-Cdm.pdf\" target=\"_blank\" rel=\"noopener\"><img loading=\"lazy\" class=\"wp-image-1175 size-medium alignleft\" src=\"https:\/\/orchestreedf.org\/wp-content\/uploads\/2017\/10\/2018-06-OEDF-Affichette-Cdm-208x300.png\" alt=\"\" width=\"208\" height=\"300\" srcset=\"https:\/\/orchestreedf.org\/wp-content\/uploads\/2017\/10\/2018-06-OEDF-Affichette-Cdm-208x300.png 208w, https:\/\/orchestreedf.org\/wp-content\/uploads\/2017\/10\/2018-06-OEDF-Affichette-Cdm-709x1024.png 709w, https:\/\/orchestreedf.org\/wp-content\/uploads\/2017\/10\/2018-06-OEDF-Affichette-Cdm.png 720w\" sizes=\"(max-width: 208px) 100vw, 208px\" \/><\/a><a href=\"https:\/\/orchestreedf.org\/?page_id=571&amp;preview=true\"><img loading=\"lazy\" class=\"alignright\" src=\"https:\/\/www.weezevent.com\/images\/statique\/bt_achetez_billets_blu.png\" alt=\"Achetez vos billets\" width=\"182\" height=\"37\"><\/a><br \/>\nL&#8217;orchestre EDF se produit&nbsp;\u00e0 la Cit\u00e9 de la musique, le <b>Mardi 26 Juin 2018 \u00e0 20h30<\/b>, en partenariat avec le Club Actionnaires EDF.<\/p>\n<p><strong>L&#8217;orchestre EDF f\u00eate cette ann\u00e9e ses 20 ans,&nbsp;et vous invite \u00e0 un programme dont les&nbsp;anges tut\u00e9laires seront A. Dvorak, C. Debussy, J. Strauss II et I. Stravinsky.<\/strong><\/p>\n<p><a href=\"https:\/\/orchestreedf.org\/?page_id=571&amp;preview=true\"><img loading=\"lazy\" class=\"aligncenter\" src=\"https:\/\/www.weezevent.com\/images\/statique\/bt_achetez_billets_blu.png\" alt=\"Achetez vos billets\" width=\"182\" height=\"37\"><\/a><em>Il est \u00e9galement possible d&#8217;acheter des billets \u00e0 l&#8217;entr\u00e9e de la Cit\u00e9 de la musique 45mn avant le d\u00e9but du concert.<\/em><\/p>\n<p style=\"text-align: center;\"><a href=\"https:\/\/orchestreedf.org\/wp-content\/uploads\/2018\/06\/2018-06-26-Cdm-Une-invitation-\u00e0-la-f\u00eate.pdf\" target=\"_blank\" rel=\"noopener\">T\u00e9l\u00e9charger le programme<\/a><\/p>\n<p>Accueil de la <a href=\"http:\/\/www.citedelamusique.fr\" target=\"_blank\" rel=\"noopener\">Cit\u00e9 de la musique <\/a>ouvert \u00e0 partir de 19h45.<br \/>\nConcert en placement libre.<\/p>\n","protected":false},"excerpt":{"rendered":"<p>L&#8217;orchestre EDF se produit&nbsp;\u00e0 la Cit\u00e9 de la musique, le Mardi 26 Juin 2018 \u00e0 20h30, en partenariat avec le Club Actionnaires EDF. L&#8217;orchestre EDF f\u00eate cette ann\u00e9e ses 20 ans,&nbsp;et vous invite \u00e0 un programme dont les&nbsp;anges tut\u00e9laires seront A. Dvorak, C. Debussy, J. Strauss II et I. Stravinsky. Il est \u00e9galement possible d&#8217;acheter [&hellip;]<\/p>\n","protected":false},"author":1,"featured_media":0,"comment_status":"closed","ping_status":"closed","sticky":false,"template":"","format":"standard","meta":{"_monsterinsights_skip_tracking":false,"_monsterinsights_sitenote_active":false,"_monsterinsights_sitenote_note":"","_monsterinsights_sitenote_category":0},"categories":[3],"tags":[],"wppr_data":{"cwp_meta_box_check":"No"},"_links":{"self":[{"href":"https:\/\/orchestreedf.org\/index.php\/wp-json\/wp\/v2\/posts\/1176"}],"collection":[{"href":"https:\/\/orchestreedf.org\/index.php\/wp-json\/wp\/v2\/posts"}],"about":[{"href":"https:\/\/orchestreedf.org\/index.php\/wp-json\/wp\/v2\/types\/post"}],"author":[{"embeddable":true,"href":"https:\/\/orchestreedf.org\/index.php\/wp-json\/wp\/v2\/users\/1"}],"replies":[{"embeddable":true,"href":"https:\/\/orchestreedf.org\/index.php\/wp-json\/wp\/v2\/comments?post=1176"}],"version-history":[{"count":8,"href":"https:\/\/orchestreedf.org\/index.php\/wp-json\/wp\/v2\/posts\/1176\/revisions"}],"predecessor-version":[{"id":1584,"href":"https:\/\/orchestreedf.org\/index.php\/wp-json\/wp\/v2\/posts\/1176\/revisions\/1584"}],"wp:attachment":[{"href":"https:\/\/orchestreedf.org\/index.php\/wp-json\/wp\/v2\/media?parent=1176"}],"wp:term":[{"taxonomy":"category","embeddable":true,"href":"https:\/\/orchestreedf.org\/index.php\/wp-json\/wp\/v2\/categories?post=1176"},{"taxonomy":"post_tag","embeddable":true,"href":"https:\/\/orchestreedf.org\/index.php\/wp-json\/wp\/v2\/tags?post=1176"}],"curies":[{"name":"wp","href":"https:\/\/api.w.org\/{rel}","templated":true}]}}